{"id":2008,"date":"2026-01-04T22:19:38","date_gmt":"2026-01-04T22:19:38","guid":{"rendered":"https:\/\/gadgetingcar.com\/?p=2008"},"modified":"2026-01-04T22:42:15","modified_gmt":"2026-01-04T22:42:15","slug":"as-3-melhores-jaquetas-de-motociclista-em-2026","status":"publish","type":"post","link":"https:\/\/gadgetingcar.com\/pt\/as-3-melhores-jaquetas-de-motociclista-em-2026\/","title":{"rendered":"As 3 melhores jaquetas de motociclista em 2026"},"content":{"rendered":"<div data-elementor-type=\"wp-post\" data-elementor-id=\"2008\" class=\"elementor elementor-2008\" data-elementor-post-type=\"post\">\n\t\t\t\t<div class=\"elementor-element elementor-element-701cdbe4 e-flex e-con-boxed e-con e-parent\" data-id=\"701cdbe4\" data-element_type=\"container\" data-settings=\"{&quot;background_background&quot;:&quot;classic&quot;}\">\n\t\t\t\t\t<div class=\"e-con-inner\">\n\t\t\t\t<div class=\"elementor-element elementor-element-75845057 elementor-widget elementor-widget-heading\" data-id=\"75845057\" data-element_type=\"widget\" data-widget_type=\"heading.default\">\n\t\t\t\t<div class=\"elementor-widget-container\">\n\t\t\t\t\t<h1 class=\"elementor-heading-title elementor-size-default\">As 3 melhores jaquetas de motociclista em 2026<\/h1>\t\t\t\t<\/div>\n\t\t\t\t<\/div>\n\t\t\t\t\t<\/div>\n\t\t\t\t<\/div>\n\t\t<div class=\"elementor-element elementor-element-206d0ef4 e-flex e-con-boxed e-con e-parent\" data-id=\"206d0ef4\" data-element_type=\"container\">\n\t\t\t\t\t<div class=\"e-con-inner\">\n\t\t<div class=\"elementor-element elementor-element-41fafaf7 e-con-full e-flex e-con e-child\" data-id=\"41fafaf7\" data-element_type=\"container\">\n\t\t\t\t<div class=\"elementor-element elementor-element-258bacab elementor-align-left elementor-widget elementor-widget-post-info\" data-id=\"258bacab\" data-element_type=\"widget\" data-widget_type=\"post-info.default\">\n\t\t\t\t<div class=\"elementor-widget-container\">\n\t\t\t\t\t\t\t<ul class=\"elementor-inline-items elementor-icon-list-items elementor-post-info\">\n\t\t\t\t\t\t\t\t<li class=\"elementor-icon-list-item elementor-repeater-item-fde9fb9 elementor-inline-item\" itemprop=\"datePublished\">\n\t\t\t\t\t\t<a href=\"https:\/\/gadgetingcar.com\/pt\/2026\/01\/04\/\">\n\t\t\t\t\t\t\t\t\t\t\t\t\t\t<span class=\"elementor-icon-list-text elementor-post-info__item elementor-post-info__item--type-date\">\n\t\t\t\t\t\t\t\t\t\t<time>4 de janeiro de 2026<\/time>\t\t\t\t\t<\/span>\n\t\t\t\t\t\t\t\t\t<\/a>\n\t\t\t\t<\/li>\n\t\t\t\t<\/ul>\n\t\t\t\t\t\t<\/div>\n\t\t\t\t<\/div>\n\t\t\t\t<div class=\"elementor-element elementor-element-19fa8a83 elementor-widget elementor-widget-text-editor\" data-id=\"19fa8a83\" data-element_type=\"widget\" data-widget_type=\"text-editor.default\">\n\t\t\t\t<div class=\"elementor-widget-container\">\n\t\t\t\t\t\t\t\t\t<p data-start=\"345\" data-end=\"637\">Uma jaqueta \u00e9 um dos itens mais importantes do equipamento de motociclismo. Ela n\u00e3o s\u00f3 protege contra quedas, mas tamb\u00e9m contra vento, frio, chuva e fadiga em viagens longas. Escolher a jaqueta certa pode fazer toda a diferen\u00e7a... <strong data-start=\"601\" data-end=\"614\">seguran\u00e7a<\/strong> como em <strong data-start=\"623\" data-end=\"636\">conforto<\/strong>.<\/p><p data-start=\"639\" data-end=\"756\">Em seguida, analisaremos <strong data-start=\"665\" data-end=\"702\">As 3 melhores jaquetas de motociclista<\/strong>, Cada um deles focava em um tipo diferente de dire\u00e7\u00e3o.<\/p>\t\t\t\t\t\t\t\t<\/div>\n\t\t\t\t<\/div>\n\t\t\t\t<div class=\"elementor-element elementor-element-17d13149 elementor-widget elementor-widget-image\" data-id=\"17d13149\" data-element_type=\"widget\" data-widget_type=\"image.default\">\n\t\t\t\t<div class=\"elementor-widget-container\">\n\t\t\t\t\t\t\t\t\t\t\t\t<figure class=\"wp-caption\">\n\t\t\t\t\t\t\t\t\t\t\t<a href=\"https:\/\/www.primevideo.com\/?&#038;tag=gadgetingca07-21\">\n\t\t\t\t\t\t\t<img fetchpriority=\"high\" decoding=\"async\" width=\"600\" height=\"300\" src=\"https:\/\/gadgetingcar.com\/wp-content\/uploads\/2025\/09\/PRUEBA-30-DIAS-GRATIS.png\" class=\"attachment-large size-large wp-image-1771\" alt=\"\" srcset=\"https:\/\/gadgetingcar.com\/wp-content\/uploads\/2025\/09\/PRUEBA-30-DIAS-GRATIS.png 600w, https:\/\/gadgetingcar.com\/wp-content\/uploads\/2025\/09\/PRUEBA-30-DIAS-GRATIS-300x150.png 300w, https:\/\/gadgetingcar.com\/wp-content\/uploads\/2025\/09\/PRUEBA-30-DIAS-GRATIS-18x9.png 18w\" sizes=\"(max-width: 600px) 100vw, 600px\" \/>\t\t\t\t\t\t\t\t<\/a>\n\t\t\t\t\t\t\t\t\t\t\t<figcaption class=\"widget-image-caption wp-caption-text\">An\u00fancio<\/figcaption>\n\t\t\t\t\t\t\t\t\t\t<\/figure>\n\t\t\t\t\t\t\t\t\t<\/div>\n\t\t\t\t<\/div>\n\t\t\t\t<div class=\"elementor-element elementor-element-7e309d94 elementor-widget elementor-widget-image\" data-id=\"7e309d94\" data-element_type=\"widget\" data-widget_type=\"image.default\">\n\t\t\t\t<div class=\"elementor-widget-container\">\n\t\t\t\t\t\t\t\t\t\t\t\t\t\t\t\t<a href=\"https:\/\/amzn.to\/4jqjxqz\">\n\t\t\t\t\t\t\t<img decoding=\"async\" width=\"800\" height=\"800\" src=\"https:\/\/gadgetingcar.com\/wp-content\/uploads\/2026\/01\/11.png\" class=\"attachment-large size-large wp-image-2019\" alt=\"Jaqueta imperme\u00e1vel Alpinestars para motociclismo, estilo touring, nas cores cinza, preto e vermelho, com protetores e forro t\u00e9rmico.\" srcset=\"https:\/\/gadgetingcar.com\/wp-content\/uploads\/2026\/01\/11.png 1000w, https:\/\/gadgetingcar.com\/wp-content\/uploads\/2026\/01\/11-300x300.png 300w, https:\/\/gadgetingcar.com\/wp-content\/uploads\/2026\/01\/11-150x150.png 150w, https:\/\/gadgetingcar.com\/wp-content\/uploads\/2026\/01\/11-768x768.png 768w, https:\/\/gadgetingcar.com\/wp-content\/uploads\/2026\/01\/11-12x12.png 12w, https:\/\/gadgetingcar.com\/wp-content\/uploads\/2026\/01\/11-600x600.png 600w, https:\/\/gadgetingcar.com\/wp-content\/uploads\/2026\/01\/11-100x100.png 100w\" sizes=\"(max-width: 800px) 100vw, 800px\" \/>\t\t\t\t\t\t\t\t<\/a>\n\t\t\t\t\t\t\t\t\t\t\t\t\t\t\t<\/div>\n\t\t\t\t<\/div>\n\t\t\t\t<div class=\"elementor-element elementor-element-dfdfe98 elementor-widget elementor-widget-text-editor\" data-id=\"dfdfe98\" data-element_type=\"widget\" data-widget_type=\"text-editor.default\">\n\t\t\t\t<div class=\"elementor-widget-container\">\n\t\t\t\t\t\t\t\t\t<h2 data-start=\"805\" data-end=\"871\"><a href=\"https:\/\/amzn.to\/4jqjxqz\"><span class=\"hover:entity-accent entity-underline inline cursor-pointer align-baseline\"><span class=\"whitespace-normal\">Alpinestars<\/span><\/span> Andes V3 Drystar<\/a> \u2013 A melhor jaqueta para viagens, ideal para usar o ano todo.<\/h2><p data-start=\"920\" data-end=\"1152\">O <strong data-start=\"923\" data-end=\"955\">Alpinestars Andes V3 Drystar<\/strong> \u00c9 uma jaqueta projetada para motociclistas que pilotam. <strong data-start=\"1007\" data-end=\"1082\">Viagens longas, rotas com v\u00e1rios dias de dura\u00e7\u00e3o ou uso frequente ao longo do ano.<\/strong>. \u00c9 um dos modelos de turismo mais vendidos devido \u00e0 sua grande versatilidade.<\/p><h3 data-start=\"1154\" data-end=\"1180\">An\u00e1lise detalhada<\/h3><p data-start=\"1181\" data-end=\"1388\">Esta jaqueta se destaca por sua <strong data-start=\"1210\" data-end=\"1230\">Membrana Drystar<\/strong>, Oferece excelente impermeabiliza\u00e7\u00e3o sem comprometer a respirabilidade. Isso permite que voc\u00ea pedale na chuva por horas sem se sentir \u00famido por dentro.<\/p><p data-start=\"1390\" data-end=\"1592\">Ele <strong data-start=\"1393\" data-end=\"1422\">forro t\u00e9rmico remov\u00edvel<\/strong> Isso o torna adequado tanto para o inverno quanto para as esta\u00e7\u00f5es de transi\u00e7\u00e3o, enquanto o <strong data-start=\"1498\" data-end=\"1535\">pain\u00e9is de ventila\u00e7\u00e3o ajust\u00e1veis<\/strong> Elas permitem dirigir em temperaturas mais altas sem se sentir sobrecarregado.<\/p><p data-start=\"1594\" data-end=\"1762\">As prote\u00e7\u00f5es de ombro e cotovelo com certifica\u00e7\u00e3o CE v\u00eam de s\u00e9rie, e tamb\u00e9m oferece suporte. <strong data-start=\"1666\" data-end=\"1700\">protetor de costas e protetor de peito<\/strong>, Algo fundamental para quem prioriza a seguran\u00e7a rodovi\u00e1ria.<\/p><h3 data-start=\"1764\" data-end=\"1778\">O melhor:<\/h3><ul data-start=\"1779\" data-end=\"1945\"><li data-start=\"1779\" data-end=\"1826\"><p data-start=\"1781\" data-end=\"1826\">Muito vers\u00e1til (inverno, outono e primavera)<\/p><\/li><li data-start=\"1827\" data-end=\"1872\"><p data-start=\"1829\" data-end=\"1872\">Excelente prote\u00e7\u00e3o contra chuva e vento.<\/p><\/li><li data-start=\"1873\" data-end=\"1909\"><p data-start=\"1875\" data-end=\"1909\">Ideal para viagens longas e turismo.<\/p><\/li><li data-start=\"1910\" data-end=\"1945\"><p data-start=\"1912\" data-end=\"1945\">Materiais dur\u00e1veis e de alta qualidade<\/p><\/li><\/ul><h3 data-start=\"1947\" data-end=\"1970\">Coisas a ter em mente:<\/h3><ul data-start=\"1971\" data-end=\"2058\"><li data-start=\"1971\" data-end=\"2007\"><p data-start=\"1973\" data-end=\"2007\">Um pouco pesado para uso urbano di\u00e1rio.<\/p><\/li><li data-start=\"2008\" data-end=\"2038\"><p data-start=\"2010\" data-end=\"2038\">Menos fresco no meio do ver\u00e3o<\/p><\/li><li data-start=\"2039\" data-end=\"2058\"><p data-start=\"2041\" data-end=\"2058\">Pre\u00e7o m\u00e9dio-alto<\/p><\/li><\/ul><p data-start=\"2060\" data-end=\"2152\"><strong data-start=\"2060\" data-end=\"2081\">Recomendado para:<\/strong><br data-start=\"2081\" data-end=\"2084\" \/>Motociclistas, longas viagens, motos trail, aventura e turismo.<\/p>\t\t\t\t\t\t\t\t<\/div>\n\t\t\t\t<\/div>\n\t\t\t\t<div class=\"elementor-element elementor-element-638228a elementor-mobile-align-justify elementor-widget elementor-widget-button\" data-id=\"638228a\" data-element_type=\"widget\" data-widget_type=\"button.default\">\n\t\t\t\t<div class=\"elementor-widget-container\">\n\t\t\t\t\t\t\t\t\t<div class=\"elementor-button-wrapper\">\n\t\t\t\t\t<a class=\"elementor-button elementor-button-link elementor-size-sm\" href=\"https:\/\/amzn.to\/4jqjxqz\">\n\t\t\t\t\t\t<span class=\"elementor-button-content-wrapper\">\n\t\t\t\t\t\t\t\t\t<span class=\"elementor-button-text\">Link da Amazon<\/span>\n\t\t\t\t\t<\/span>\n\t\t\t\t\t<\/a>\n\t\t\t\t<\/div>\n\t\t\t\t\t\t\t\t<\/div>\n\t\t\t\t<\/div>\n\t\t\t\t<div class=\"elementor-element elementor-element-4382ab1 elementor-widget elementor-widget-image\" data-id=\"4382ab1\" data-element_type=\"widget\" data-widget_type=\"image.default\">\n\t\t\t\t<div class=\"elementor-widget-container\">\n\t\t\t\t\t\t\t\t\t\t\t\t\t\t\t\t<a href=\"https:\/\/amzn.to\/4plXaE0\">\n\t\t\t\t\t\t\t<img decoding=\"async\" width=\"800\" height=\"800\" src=\"https:\/\/gadgetingcar.com\/wp-content\/uploads\/2026\/01\/10.png\" class=\"attachment-large size-large wp-image-2018\" alt=\"Jaqueta esportiva para motociclismo Dainese na cor preta com detalhes em branco e vermelho e protetores CE.\" srcset=\"https:\/\/gadgetingcar.com\/wp-content\/uploads\/2026\/01\/10.png 1000w, https:\/\/gadgetingcar.com\/wp-content\/uploads\/2026\/01\/10-300x300.png 300w, https:\/\/gadgetingcar.com\/wp-content\/uploads\/2026\/01\/10-150x150.png 150w, https:\/\/gadgetingcar.com\/wp-content\/uploads\/2026\/01\/10-768x768.png 768w, https:\/\/gadgetingcar.com\/wp-content\/uploads\/2026\/01\/10-12x12.png 12w, https:\/\/gadgetingcar.com\/wp-content\/uploads\/2026\/01\/10-600x600.png 600w, https:\/\/gadgetingcar.com\/wp-content\/uploads\/2026\/01\/10-100x100.png 100w\" sizes=\"(max-width: 800px) 100vw, 800px\" \/>\t\t\t\t\t\t\t\t<\/a>\n\t\t\t\t\t\t\t\t\t\t\t\t\t\t\t<\/div>\n\t\t\t\t<\/div>\n\t\t\t\t<div class=\"elementor-element elementor-element-47fe7bcb elementor-widget elementor-widget-text-editor\" data-id=\"47fe7bcb\" data-element_type=\"widget\" data-widget_type=\"text-editor.default\">\n\t\t\t\t<div class=\"elementor-widget-container\">\n\t\t\t\t\t\t\t\t\t<h2 data-start=\"2159\" data-end=\"2223\"><a href=\"https:\/\/amzn.to\/4plXaE0\"><span class=\"hover:entity-accent entity-underline inline cursor-pointer align-baseline\"><span class=\"whitespace-normal\">Dainese<\/span><\/span> Racing 3 D-Air<\/a> \u2013 A jaqueta esportiva com o mais alto n\u00edvel de prote\u00e7\u00e3o<\/h2><p data-start=\"2159\" data-end=\"2223\">O <strong data-start=\"2284\" data-end=\"2310\">Dainese Racing 3 D-Air<\/strong> \u00c9 projetado para quem procura por <strong data-start=\"2344\" data-end=\"2388\">M\u00e1xima seguran\u00e7a e desempenho esportivo<\/strong>. Confeccionada em couro de alta qualidade e com airbag integrado, \u00e9 uma das jaquetas mais avan\u00e7adas do mercado.<\/p><h3 data-start=\"2159\" data-end=\"2223\">An\u00e1lise detalhada<\/h3><p data-start=\"2159\" data-end=\"2223\">O couro de alta resist\u00eancia oferece <strong data-start=\"2602\" data-end=\"2644\">prote\u00e7\u00e3o superior contra abras\u00e3o<\/strong>, Ideal para condu\u00e7\u00e3o r\u00e1pida ou esportiva. O sistema <strong data-start=\"2699\" data-end=\"2708\">D-Air<\/strong> O sistema detecta uma queda e aciona o airbag em milissegundos, protegendo o t\u00f3rax, as clav\u00edculas e as costas.<\/p><h2 data-start=\"653\" data-end=\"678\"><span style=\"font-weight: 400; font-size: 1rem;\">O ajuste \u00e9 <\/span><strong style=\"font-size: 1rem;\" data-start=\"2821\" data-end=\"2835\">justo ao corpo<\/strong><span style=\"font-weight: 400; font-size: 1rem;\">, Projetado para uma posi\u00e7\u00e3o de condu\u00e7\u00e3o esportiva. Os insertos el\u00e1sticos permitem liberdade de movimento sem comprometer a firmeza.<\/span><\/h2><p data-start=\"2967\" data-end=\"3067\">N\u00e3o \u00e9 uma jaqueta projetada para chuva ou frio intenso, mas sim para <strong data-start=\"3032\" data-end=\"3066\">Desempenho e seguran\u00e7a m\u00e1ximos<\/strong>.<\/p><h3 data-start=\"3069\" data-end=\"3083\">O melhor:<\/h3><ul data-start=\"3084\" data-end=\"3195\"><li data-start=\"3084\" data-end=\"3117\"><p data-start=\"3086\" data-end=\"3117\">Prote\u00e7\u00e3o de n\u00edvel profissional<\/p><\/li><li data-start=\"3118\" data-end=\"3147\"><p data-start=\"3120\" data-end=\"3147\">Airbag integrado sem cabos<\/p><\/li><li data-start=\"3148\" data-end=\"3168\"><p data-start=\"3150\" data-end=\"3168\">Materiais de alta qualidade<\/p><\/li><li data-start=\"3169\" data-end=\"3195\"><p data-start=\"3171\" data-end=\"3195\">Design esportivo ic\u00f4nico<\/p><\/li><\/ul><h3 data-start=\"3197\" data-end=\"3220\">Coisas a ter em mente:<\/h3><ul data-start=\"3221\" data-end=\"3303\"><li data-start=\"3221\" data-end=\"3237\"><p data-start=\"3223\" data-end=\"3237\">Pre\u00e7o alto<\/p><\/li><li data-start=\"3238\" data-end=\"3265\"><p data-start=\"3240\" data-end=\"3265\">N\u00e3o muito pr\u00e1tico para uso urbano.<\/p><\/li><li data-start=\"3266\" data-end=\"3282\"><p data-start=\"3268\" data-end=\"3282\">N\u00e3o \u00e9 \u00e0 prova d&#039;\u00e1gua.<\/p><\/li><li data-start=\"3283\" data-end=\"3303\"><p data-start=\"3285\" data-end=\"3303\">Calor no ver\u00e3o<\/p><\/li><\/ul><p data-start=\"3305\" data-end=\"3417\"><strong data-start=\"3305\" data-end=\"3326\">Recomendado para:<\/strong><br data-start=\"3326\" data-end=\"3329\" \/>Motociclistas esportivos, motos naked e esportivas, pilotagem em alta velocidade ou em estradas de montanha.<\/p>\t\t\t\t\t\t\t\t<\/div>\n\t\t\t\t<\/div>\n\t\t\t\t<div class=\"elementor-element elementor-element-52d95f84 elementor-mobile-align-justify elementor-widget elementor-widget-button\" data-id=\"52d95f84\" data-element_type=\"widget\" data-widget_type=\"button.default\">\n\t\t\t\t<div class=\"elementor-widget-container\">\n\t\t\t\t\t\t\t\t\t<div class=\"elementor-button-wrapper\">\n\t\t\t\t\t<a class=\"elementor-button elementor-button-link elementor-size-sm\" href=\"https:\/\/amzn.to\/4plXaE0\">\n\t\t\t\t\t\t<span class=\"elementor-button-content-wrapper\">\n\t\t\t\t\t\t\t\t\t<span class=\"elementor-button-text\">Link da Amazon<\/span>\n\t\t\t\t\t<\/span>\n\t\t\t\t\t<\/a>\n\t\t\t\t<\/div>\n\t\t\t\t\t\t\t\t<\/div>\n\t\t\t\t<\/div>\n\t\t\t\t<div class=\"elementor-element elementor-element-3b5c16fb elementor-widget elementor-widget-image\" data-id=\"3b5c16fb\" data-element_type=\"widget\" data-widget_type=\"image.default\">\n\t\t\t\t<div class=\"elementor-widget-container\">\n\t\t\t\t\t\t\t\t\t\t\t\t\t\t\t\t<a href=\"https:\/\/amzn.to\/4qe06UQ\">\n\t\t\t\t\t\t\t<img loading=\"lazy\" decoding=\"async\" width=\"800\" height=\"800\" src=\"https:\/\/gadgetingcar.com\/wp-content\/uploads\/2026\/01\/9.png\" class=\"attachment-large size-large wp-image-2017\" alt=\"Jaqueta de motociclista REV&#039;IT! leve e ventilada na cor bege, ideal para uso urbano e climas quentes.\" srcset=\"https:\/\/gadgetingcar.com\/wp-content\/uploads\/2026\/01\/9.png 1000w, https:\/\/gadgetingcar.com\/wp-content\/uploads\/2026\/01\/9-300x300.png 300w, https:\/\/gadgetingcar.com\/wp-content\/uploads\/2026\/01\/9-150x150.png 150w, https:\/\/gadgetingcar.com\/wp-content\/uploads\/2026\/01\/9-768x768.png 768w, https:\/\/gadgetingcar.com\/wp-content\/uploads\/2026\/01\/9-12x12.png 12w, https:\/\/gadgetingcar.com\/wp-content\/uploads\/2026\/01\/9-600x600.png 600w, https:\/\/gadgetingcar.com\/wp-content\/uploads\/2026\/01\/9-100x100.png 100w\" sizes=\"(max-width: 800px) 100vw, 800px\" \/>\t\t\t\t\t\t\t\t<\/a>\n\t\t\t\t\t\t\t\t\t\t\t\t\t\t\t<\/div>\n\t\t\t\t<\/div>\n\t\t\t\t<div class=\"elementor-element elementor-element-11dfdd89 elementor-widget elementor-widget-text-editor\" data-id=\"11dfdd89\" data-element_type=\"widget\" data-widget_type=\"text-editor.default\">\n\t\t\t\t<div class=\"elementor-widget-container\">\n\t\t\t\t\t\t\t\t\t<h2 data-start=\"3424\" data-end=\"3483\"><a href=\"https:\/\/amzn.to\/4qe06UQ\" data-wplink-edit=\"true\"><span class=\"hover:entity-accent entity-underline inline cursor-pointer align-baseline\"><span class=\"whitespace-normal\">ACELERE!<\/span><\/span> Eclipse 2<\/a> \u2013 A melhor jaqueta urbana para o ver\u00e3o<\/h2><p data-start=\"3526\" data-end=\"3652\">O <strong data-start=\"3529\" data-end=\"3550\">REV&#039;IT! Eclipse 2<\/strong> \u00c9 uma jaqueta leve, simples e funcional, ideal para <strong data-start=\"3608\" data-end=\"3651\">Uso di\u00e1rio na cidade e em climas quentes.<\/strong>.<\/p><h3 data-start=\"3654\" data-end=\"3680\">An\u00e1lise detalhada<\/h3><p data-start=\"3681\" data-end=\"3913\">Sua estrutura de <strong data-start=\"3698\" data-end=\"3727\">malha altamente ventilada<\/strong> Permite fluxo de ar constante, tornando-a perfeita para o ver\u00e3o. Apesar do seu design leve, inclui protetores de ombro e cotovelo com certifica\u00e7\u00e3o CE e pode ser complementada com um protetor de costas.<\/p><p data-start=\"3915\" data-end=\"4029\">Seu design discreto faz com que passe despercebido mesmo fora da moto, algo muito valorizado pelos motociclistas urbanos.<\/p><h3 data-start=\"4031\" data-end=\"4045\">O melhor<\/h3><ul data-start=\"4046\" data-end=\"4138\"><li data-start=\"4046\" data-end=\"4067\"><p data-start=\"4048\" data-end=\"4067\">Muito fresco e leve.<\/p><\/li><li data-start=\"4068\" data-end=\"4092\"><p data-start=\"4070\" data-end=\"4092\">Confort\u00e1vel para uso di\u00e1rio.<\/p><\/li><li data-start=\"4093\" data-end=\"4119\"><p data-start=\"4095\" data-end=\"4119\">Design urbano e discreto<\/p><\/li><li data-start=\"4120\" data-end=\"4138\"><p data-start=\"4122\" data-end=\"4138\">Pre\u00e7o acess\u00edvel<\/p><\/li><\/ul><h3 data-start=\"4140\" data-end=\"4163\">Coisas a ter em mente<\/h3><ul data-start=\"4164\" data-end=\"4259\"><li data-start=\"4164\" data-end=\"4180\"><p data-start=\"4166\" data-end=\"4180\">N\u00e3o \u00e9 \u00e0 prova d&#039;\u00e1gua.<\/p><\/li><li data-start=\"4181\" data-end=\"4235\"><p data-start=\"4183\" data-end=\"4235\">Prote\u00e7\u00e3o limitada em compara\u00e7\u00e3o com modelos de turismo ou de couro.<\/p><\/li><li data-start=\"4236\" data-end=\"4259\"><p data-start=\"4238\" data-end=\"4259\">N\u00e3o \u00e9 adequado para o inverno.<\/p><\/li><\/ul><p data-start=\"4261\" data-end=\"4362\"><strong data-start=\"4261\" data-end=\"4282\">Recomendado para:<\/strong><br data-start=\"4282\" data-end=\"4285\" \/>Deslocamentos urbanos, trajetos di\u00e1rios, scooters, bicicletas naked e passeios de bicicleta pela cidade no ver\u00e3o.<\/p>\t\t\t\t\t\t\t\t<\/div>\n\t\t\t\t<\/div>\n\t\t\t\t<div class=\"elementor-element elementor-element-6d8434dc elementor-mobile-align-justify elementor-widget elementor-widget-button\" data-id=\"6d8434dc\" data-element_type=\"widget\" data-widget_type=\"button.default\">\n\t\t\t\t<div class=\"elementor-widget-container\">\n\t\t\t\t\t\t\t\t\t<div class=\"elementor-button-wrapper\">\n\t\t\t\t\t<a class=\"elementor-button elementor-button-link elementor-size-sm\" href=\"https:\/\/amzn.to\/4qe06UQ\">\n\t\t\t\t\t\t<span class=\"elementor-button-content-wrapper\">\n\t\t\t\t\t\t\t\t\t<span class=\"elementor-button-text\">Link da Amazon<\/span>\n\t\t\t\t\t<\/span>\n\t\t\t\t\t<\/a>\n\t\t\t\t<\/div>\n\t\t\t\t\t\t\t\t<\/div>\n\t\t\t\t<\/div>\n\t\t\t\t<div class=\"elementor-element elementor-element-152ae612 elementor-widget elementor-widget-text-editor\" data-id=\"152ae612\" data-element_type=\"widget\" data-widget_type=\"text-editor.default\">\n\t\t\t\t<div class=\"elementor-widget-container\">\n\t\t\t\t\t\t\t\t\t<h2 data-start=\"4369\" data-end=\"4430\">O que levar em considera\u00e7\u00e3o ao comprar uma jaqueta para motociclista?<\/h2><p data-start=\"4432\" data-end=\"4503\">Antes de escolher um modelo, \u00e9 aconselh\u00e1vel analisar estes pontos-chave:<\/p><h3 data-start=\"4505\" data-end=\"4535\">1. N\u00edvel de prote\u00e7\u00e3o<\/h3><ul data-start=\"4536\" data-end=\"4643\"><li data-start=\"4536\" data-end=\"4569\"><p data-start=\"4538\" data-end=\"4569\">Prote\u00e7\u00f5es <strong data-start=\"4551\" data-end=\"4569\">Certificado CE<\/strong><\/p><\/li><li data-start=\"4570\" data-end=\"4607\"><p data-start=\"4572\" data-end=\"4607\">Possibilidade de adicionar <strong data-start=\"4594\" data-end=\"4607\">espaldeira<\/strong><\/p><\/li><li data-start=\"4608\" data-end=\"4643\"><p data-start=\"4610\" data-end=\"4643\">Material resistente \u00e0 abras\u00e3o<\/p><\/li><\/ul><h3 data-start=\"4645\" data-end=\"4672\">2. Clima e esta\u00e7\u00e3o do ano<\/h3><ul data-start=\"4673\" data-end=\"4749\"><li data-start=\"4673\" data-end=\"4698\"><p data-start=\"4675\" data-end=\"4698\">Capa de chuva<\/p><\/li><li data-start=\"4699\" data-end=\"4724\"><p data-start=\"4701\" data-end=\"4724\">Forro t\u00e9rmico para clima frio<\/p><\/li><li data-start=\"4725\" data-end=\"4749\"><p data-start=\"4727\" data-end=\"4749\">Ventila\u00e7\u00e3o para calor<\/p><\/li><\/ul><h3 data-start=\"4751\" data-end=\"4780\">3. Estilo de condu\u00e7\u00e3o<\/h3><ul data-start=\"4781\" data-end=\"4905\"><li data-start=\"4781\" data-end=\"4814\"><p data-start=\"4783\" data-end=\"4814\">Cidade \u2192 leveza e conforto<\/p><\/li><li data-start=\"4815\" data-end=\"4865\"><p data-start=\"4817\" data-end=\"4865\">Estrada\/viagem \u2192 prote\u00e7\u00e3o e versatilidade<\/p><\/li><li data-start=\"4866\" data-end=\"4905\"><p data-start=\"4868\" data-end=\"4905\">Esportivo \u2192 ajuste e m\u00e1xima seguran\u00e7a<\/p><\/li><\/ul><h3 data-start=\"4907\" data-end=\"4935\">4. Ajuste e conforto<\/h3><ul data-start=\"4936\" data-end=\"5049\"><li data-start=\"4936\" data-end=\"4986\"><p data-start=\"4938\" data-end=\"4986\">N\u00e3o deve ficar muito folgado nem muito apertado.<\/p><\/li><li data-start=\"4987\" data-end=\"5024\"><p data-start=\"4989\" data-end=\"5024\">Ajustes nos bra\u00e7os, cintura e pesco\u00e7o.<\/p><\/li><li data-start=\"5025\" data-end=\"5049\"><p data-start=\"5027\" data-end=\"5049\">Liberdade de movimento<\/p><\/li><\/ul><h3 data-start=\"5051\" data-end=\"5072\">5. Or\u00e7amento<\/h3><ul data-start=\"5073\" data-end=\"5149\"><li data-start=\"5073\" data-end=\"5109\"><p data-start=\"5075\" data-end=\"5109\">A op\u00e7\u00e3o mais cara nem sempre \u00e9 a melhor.<\/p><\/li><li data-start=\"5110\" data-end=\"5149\"><p data-start=\"5112\" data-end=\"5149\">Priorize a seguran\u00e7a em detrimento da est\u00e9tica.<\/p><\/li><\/ul>\t\t\t\t\t\t\t\t<\/div>\n\t\t\t\t<\/div>\n\t\t\t\t<div class=\"elementor-element elementor-element-40f9fae elementor-widget elementor-widget-text-editor\" data-id=\"40f9fae\" data-element_type=\"widget\" data-widget_type=\"text-editor.default\">\n\t\t\t\t<div class=\"elementor-widget-container\">\n\t\t\t\t\t\t\t\t\t<h2 data-start=\"5156\" data-end=\"5172\">Conclus\u00e3o<\/h2><p data-start=\"5174\" data-end=\"5247\">A melhor jaqueta de motociclista depende de <strong data-start=\"5213\" data-end=\"5246\">Como, onde e quando voc\u00ea dirige<\/strong>:<\/p><ul data-start=\"5249\" data-end=\"5429\"><li data-start=\"5249\" data-end=\"5317\"><p data-start=\"5251\" data-end=\"5317\"><strong data-start=\"5254\" data-end=\"5286\">Durante todo o ano e em viagens longas:<\/strong> <span style=\"color: #3366ff;\"><a style=\"color: #3366ff;\" href=\"https:\/\/amzn.to\/4jqjxqz\">Alpinestars Andes V3 Drystar<\/a><\/span><\/p><\/li><li data-start=\"5318\" data-end=\"5383\"><p data-start=\"5320\" data-end=\"5383\"><strong data-start=\"5324\" data-end=\"5358\">Esportivo e com m\u00e1xima prote\u00e7\u00e3o:<\/strong> <a href=\"https:\/\/amzn.to\/4plXaE0\"><span style=\"color: #3366ff;\">Dainese Racing 3 D-Air<\/span><\/a><\/p><\/li><li data-start=\"5384\" data-end=\"5429\"><p data-start=\"5386\" data-end=\"5429\"><strong data-start=\"5389\" data-end=\"5409\">Cidade e ver\u00e3o:<\/strong> <span style=\"color: #3366ff;\"><a style=\"color: #3366ff;\" href=\"https:\/\/amzn.to\/4qe06UQ\">REV&#039;IT! Eclipse 2<\/a><\/span><\/p><\/li><\/ul><p data-start=\"5431\" data-end=\"5530\">Investir em uma boa jaqueta \u00e9 investir em <strong data-start=\"5477\" data-end=\"5514\">Seguran\u00e7a, conforto e tranquilidade.<\/strong> em cada sa\u00edda.<\/p><p data-start=\"5644\" data-end=\"5815\">Se voc\u00ea achou este guia \u00fatil, fique \u00e0 vontade para compartilh\u00e1-lo e confira outros artigos sobre o assunto. <strong data-start=\"5730\" data-end=\"5766\">acess\u00f3rios e dispositivos para carros<\/strong> em <a href=\"https:\/\/gadgetingcar.com\/pt\/\" target=\"_new\" rel=\"noopener\" data-start=\"5770\" data-end=\"5812\">Autom\u00f3vel de gadgets<\/a>.<\/p><p data-start=\"5817\" data-end=\"6143\"><strong>Tamb\u00e9m pode interessar-lhe:<\/strong><\/p><ul><li data-start=\"5817\" data-end=\"6143\"><span style=\"color: #0000ff;\"><a style=\"color: #0000ff;\" href=\"https:\/\/gadgetingcar.com\/pt\/os-3-melhores-carregadores-portateis-para-viagens-longas-de-carro-em-2025\/\">Os 3 melhores carregadores para computadores port\u00e1teis em 2025<\/a><\/span><\/li><li data-start=\"5817\" data-end=\"6143\"><span style=\"color: #0000ff;\"><a style=\"color: #0000ff;\" href=\"https:\/\/gadgetingcar.com\/pt\/os-5-melhores-suportes-para-bicicletas-para-carros-em-2025-comparacao-completa-e-recomendacoes\/\">Os 5 melhores suportes para bicicletas de autom\u00f3vel<\/a><\/span><\/li><li data-start=\"5817\" data-end=\"6143\"><a href=\"https:\/\/gadgetingcar.com\/pt\/os-5-melhores-aspiradores-para-automoveis-em-2025-comparacao-e-comentarios-baseados-na-experiencia-pessoal\/\"><span style=\"color: #0000ff;\">Os 5 melhores aspiradores de p\u00f3 para autom\u00f3veis em 2025<\/span><\/a><\/li><\/ul>\t\t\t\t\t\t\t\t<\/div>\n\t\t\t\t<\/div>\n\t\t\t\t<\/div>\n\t\t<div class=\"elementor-element elementor-element-6d0cf735 e-con-full e-flex e-con e-child\" data-id=\"6d0cf735\" data-element_type=\"container\">\n\t\t<div class=\"elementor-element elementor-element-43083d47 e-con-full e-flex e-con e-child\" data-id=\"43083d47\" data-element_type=\"container\">\n\t\t\t\t<div class=\"elementor-element elementor-element-5fe5a83f elementor-widget elementor-widget-heading\" data-id=\"5fe5a83f\" data-element_type=\"widget\" data-widget_type=\"heading.default\">\n\t\t\t\t<div class=\"elementor-widget-container\">\n\t\t\t\t\t<p class=\"elementor-heading-title elementor-size-default\">Partilhar:<\/p>\t\t\t\t<\/div>\n\t\t\t\t<\/div>\n\t\t\t\t<div class=\"elementor-element elementor-element-6c1c35a6 elementor-share-buttons--view-icon elementor-share-buttons--skin-boxed elementor-share-buttons--align-right elementor-share-buttons--color-custom elementor-share-buttons--shape-square elementor-grid-0 elementor-widget elementor-widget-share-buttons\" data-id=\"6c1c35a6\" data-element_type=\"widget\" data-widget_type=\"share-buttons.default\">\n\t\t\t\t<div class=\"elementor-widget-container\">\n\t\t\t\t\t\t\t<div class=\"elementor-grid\">\n\t\t\t\t\t\t\t\t<div class=\"elementor-grid-item\">\n\t\t\t\t\t\t<div\n\t\t\t\t\t\t\tclass=\"elementor-share-btn elementor-share-btn_facebook\"\n\t\t\t\t\t\t\trole=\"button\"\n\t\t\t\t\t\t\ttabindex=\"0\"\n\t\t\t\t\t\t\taria-label=\"Share on facebook\"\n\t\t\t\t\t\t>\n\t\t\t\t\t\t\t\t\t\t\t\t\t\t\t<span class=\"elementor-share-btn__icon\">\n\t\t\t\t\t\t\t\t<svg class=\"e-font-icon-svg e-fab-facebook\" viewbox=\"0 0 512 512\" xmlns=\"http:\/\/www.w3.org\/2000\/svg\"><path d=\"M504 256C504 119 393 8 256 8S8 119 8 256c0 123.78 90.69 226.38 209.25 245V327.69h-63V256h63v-54.64c0-62.15 37-96.48 93.67-96.48 27.14 0 55.52 4.84 55.52 4.84v61h-31.28c-30.8 0-40.41 19.12-40.41 38.73V256h68.78l-11 71.69h-57.78V501C413.31 482.38 504 379.78 504 256z\"><\/path><\/svg>\t\t\t\t\t\t\t<\/span>\n\t\t\t\t\t\t\t\t\t\t\t\t\t\t\t\t\t\t\t\t<\/div>\n\t\t\t\t\t<\/div>\n\t\t\t\t\t\t\t\t\t<div class=\"elementor-grid-item\">\n\t\t\t\t\t\t<div\n\t\t\t\t\t\t\tclass=\"elementor-share-btn elementor-share-btn_twitter\"\n\t\t\t\t\t\t\trole=\"button\"\n\t\t\t\t\t\t\ttabindex=\"0\"\n\t\t\t\t\t\t\taria-label=\"Share on twitter\"\n\t\t\t\t\t\t>\n\t\t\t\t\t\t\t\t\t\t\t\t\t\t\t<span class=\"elementor-share-btn__icon\">\n\t\t\t\t\t\t\t\t<svg class=\"e-font-icon-svg e-fab-twitter\" viewbox=\"0 0 512 512\" xmlns=\"http:\/\/www.w3.org\/2000\/svg\"><path d=\"M459.37 151.716c.325 4.548.325 9.097.325 13.645 0 138.72-105.583 298.558-298.558 298.558-59.452 0-114.68-17.219-161.137-47.106 8.447.974 16.568 1.299 25.34 1.299 49.055 0 94.213-16.568 130.274-44.832-46.132-.975-84.792-31.188-98.112-72.772 6.498.974 12.995 1.624 19.818 1.624 9.421 0 18.843-1.3 27.614-3.573-48.081-9.747-84.143-51.98-84.143-102.985v-1.299c13.969 7.797 30.214 12.67 47.431 13.319-28.264-18.843-46.781-51.005-46.781-87.391 0-19.492 5.197-37.36 14.294-52.954 51.655 63.675 129.3 105.258 216.365 109.807-1.624-7.797-2.599-15.918-2.599-24.04 0-57.828 46.782-104.934 104.934-104.934 30.213 0 57.502 12.67 76.67 33.137 23.715-4.548 46.456-13.32 66.599-25.34-7.798 24.366-24.366 44.833-46.132 57.827 21.117-2.273 41.584-8.122 60.426-16.243-14.292 20.791-32.161 39.308-52.628 54.253z\"><\/path><\/svg>\t\t\t\t\t\t\t<\/span>\n\t\t\t\t\t\t\t\t\t\t\t\t\t\t\t\t\t\t\t\t<\/div>\n\t\t\t\t\t<\/div>\n\t\t\t\t\t\t\t\t\t<div class=\"elementor-grid-item\">\n\t\t\t\t\t\t<div\n\t\t\t\t\t\t\tclass=\"elementor-share-btn elementor-share-btn_linkedin\"\n\t\t\t\t\t\t\trole=\"button\"\n\t\t\t\t\t\t\ttabindex=\"0\"\n\t\t\t\t\t\t\taria-label=\"Share on linkedin\"\n\t\t\t\t\t\t>\n\t\t\t\t\t\t\t\t\t\t\t\t\t\t\t<span class=\"elementor-share-btn__icon\">\n\t\t\t\t\t\t\t\t<svg class=\"e-font-icon-svg e-fab-linkedin\" viewbox=\"0 0 448 512\" xmlns=\"http:\/\/www.w3.org\/2000\/svg\"><path d=\"M416 32H31.9C14.3 32 0 46.5 0 64.3v383.4C0 465.5 14.3 480 31.9 480H416c17.6 0 32-14.5 32-32.3V64.3c0-17.8-14.4-32.3-32-32.3zM135.4 416H69V202.2h66.5V416zm-33.2-243c-21.3 0-38.5-17.3-38.5-38.5S80.9 96 102.2 96c21.2 0 38.5 17.3 38.5 38.5 0 21.3-17.2 38.5-38.5 38.5zm282.1 243h-66.4V312c0-24.8-.5-56.7-34.5-56.7-34.6 0-39.9 27-39.9 54.9V416h-66.4V202.2h63.7v29.2h.9c8.9-16.8 30.6-34.5 62.9-34.5 67.2 0 79.7 44.3 79.7 101.9V416z\"><\/path><\/svg>\t\t\t\t\t\t\t<\/span>\n\t\t\t\t\t\t\t\t\t\t\t\t\t\t\t\t\t\t\t\t<\/div>\n\t\t\t\t\t<\/div>\n\t\t\t\t\t\t<\/div>\n\t\t\t\t\t\t<\/div>\n\t\t\t\t<\/div>\n\t\t\t\t<\/div>\n\t\t\t\t<div class=\"elementor-element elementor-element-4d95d19c elementor-toc--minimized-on-tablet elementor-widget elementor-widget-table-of-contents\" data-id=\"4d95d19c\" data-element_type=\"widget\" data-settings=\"{&quot;headings_by_tags&quot;:[&quot;h2&quot;,&quot;h3&quot;],&quot;exclude_headings_by_selector&quot;:[],&quot;no_headings_message&quot;:&quot;No se ha encontrado ning\\u00fan encabezado en esta p\\u00e1gina.&quot;,&quot;marker_view&quot;:&quot;numbers&quot;,&quot;minimize_box&quot;:&quot;yes&quot;,&quot;minimized_on&quot;:&quot;tablet&quot;,&quot;hierarchical_view&quot;:&quot;yes&quot;,&quot;min_height&quot;:{&quot;unit&quot;:&quot;px&quot;,&quot;size&quot;:&quot;&quot;,&quot;sizes&quot;:[]},&quot;min_height_tablet&quot;:{&quot;unit&quot;:&quot;px&quot;,&quot;size&quot;:&quot;&quot;,&quot;sizes&quot;:[]},&quot;min_height_mobile&quot;:{&quot;unit&quot;:&quot;px&quot;,&quot;size&quot;:&quot;&quot;,&quot;sizes&quot;:[]}}\" data-widget_type=\"table-of-contents.default\">\n\t\t\t\t<div class=\"elementor-widget-container\">\n\t\t\t\t\t\t\t<div class=\"elementor-toc__header\">\n\t\t\t<h4 class=\"elementor-toc__header-title\">\n\t\t\t\t\u00cdndice\t\t\t<\/h4>\n\t\t\t\t\t\t\t<div class=\"elementor-toc__toggle-button elementor-toc__toggle-button--expand\" role=\"button\" tabindex=\"0\" aria-controls=\"elementor-toc__4d95d19c\" aria-expanded=\"true\" aria-label=\"Open table of contents\"><svg aria-hidden=\"true\" class=\"e-font-icon-svg e-fas-chevron-down\" viewbox=\"0 0 448 512\" xmlns=\"http:\/\/www.w3.org\/2000\/svg\"><path d=\"M207.029 381.476L12.686 187.132c-9.373-9.373-9.373-24.569 0-33.941l22.667-22.667c9.357-9.357 24.522-9.375 33.901-.04L224 284.505l154.745-154.021c9.379-9.335 24.544-9.317 33.901.04l22.667 22.667c9.373 9.373 9.373 24.569 0 33.941L240.971 381.476c-9.373 9.372-24.569 9.372-33.942 0z\"><\/path><\/svg><\/div>\n\t\t\t\t<div class=\"elementor-toc__toggle-button elementor-toc__toggle-button--collapse\" role=\"button\" tabindex=\"0\" aria-controls=\"elementor-toc__4d95d19c\" aria-expanded=\"true\" aria-label=\"Close table of contents\"><svg aria-hidden=\"true\" class=\"e-font-icon-svg e-fas-chevron-up\" viewbox=\"0 0 448 512\" xmlns=\"http:\/\/www.w3.org\/2000\/svg\"><path d=\"M240.971 130.524l194.343 194.343c9.373 9.373 9.373 24.569 0 33.941l-22.667 22.667c-9.357 9.357-24.522 9.375-33.901.04L224 227.495 69.255 381.516c-9.379 9.335-24.544 9.317-33.901-.04l-22.667-22.667c-9.373-9.373-9.373-24.569 0-33.941L207.03 130.525c9.372-9.373 24.568-9.373 33.941-.001z\"><\/path><\/svg><\/div>\n\t\t\t\t\t<\/div>\n\t\t<div id=\"elementor-toc__4d95d19c\" class=\"elementor-toc__body\">\n\t\t\t<div class=\"elementor-toc__spinner-container\">\n\t\t\t\t<svg class=\"elementor-toc__spinner eicon-animation-spin e-font-icon-svg e-eicon-loading\" aria-hidden=\"true\" viewbox=\"0 0 1000 1000\" xmlns=\"http:\/\/www.w3.org\/2000\/svg\"><path d=\"M500 975V858C696 858 858 696 858 500S696 142 500 142 142 304 142 500H25C25 237 238 25 500 25S975 237 975 500 763 975 500 975Z\"><\/path><\/svg>\t\t\t<\/div>\n\t\t<\/div>\n\t\t\t\t\t\t<\/div>\n\t\t\t\t<\/div>\n\t\t\t\t<div class=\"elementor-element elementor-element-7340f3de elementor-widget elementor-widget-heading\" data-id=\"7340f3de\" data-element_type=\"widget\" data-widget_type=\"heading.default\">\n\t\t\t\t<div class=\"elementor-widget-container\">\n\t\t\t\t\t<p class=\"elementor-heading-title elementor-size-default\">Mais entradas<\/p>\t\t\t\t<\/div>\n\t\t\t\t<\/div>\n\t\t\t\t<div class=\"elementor-element elementor-element-261b032a elementor-grid-1 elementor-posts--thumbnail-left elementor-grid-tablet-2 elementor-grid-mobile-1 elementor-widget elementor-widget-posts\" data-id=\"261b032a\" data-element_type=\"widget\" data-settings=\"{&quot;classic_columns&quot;:&quot;1&quot;,&quot;classic_columns_tablet&quot;:&quot;2&quot;,&quot;classic_columns_mobile&quot;:&quot;1&quot;,&quot;classic_row_gap&quot;:{&quot;unit&quot;:&quot;px&quot;,&quot;size&quot;:35,&quot;sizes&quot;:[]},&quot;classic_row_gap_tablet&quot;:{&quot;unit&quot;:&quot;px&quot;,&quot;size&quot;:&quot;&quot;,&quot;sizes&quot;:[]},&quot;classic_row_gap_mobile&quot;:{&quot;unit&quot;:&quot;px&quot;,&quot;size&quot;:&quot;&quot;,&quot;sizes&quot;:[]}}\" data-widget_type=\"posts.classic\">\n\t\t\t\t<div class=\"elementor-widget-container\">\n\t\t\t\t\t\t\t<div class=\"elementor-posts-container elementor-posts elementor-posts--skin-classic elementor-grid\">\n\t\t\t\t<article class=\"elementor-post elementor-grid-item post-2113 post type-post status-publish format-standard has-post-thumbnail hentry category-blog\">\n\t\t\t\t<a class=\"elementor-post__thumbnail__link\" href=\"https:\/\/gadgetingcar.com\/pt\/los-5-mejores-adaptadores-carplay-inalambricos-comparativa-2026\/\" tabindex=\"-1\" >\n\t\t\t<div class=\"elementor-post__thumbnail\"><img loading=\"lazy\" decoding=\"async\" width=\"300\" height=\"200\" src=\"https:\/\/gadgetingcar.com\/wp-content\/uploads\/2026\/01\/Adaptadores-Carplay-300x200.webp\" class=\"attachment-medium size-medium wp-image-2125\" alt=\"Imagem em destaque com cinco adaptadores CarPlay sem fio em um fundo azul escuro, com o texto \u201cMelhores adaptadores CarPlay sem fio\u201d em branco e azul claro.\" srcset=\"https:\/\/gadgetingcar.com\/wp-content\/uploads\/2026\/01\/Adaptadores-Carplay-300x200.webp 300w, https:\/\/gadgetingcar.com\/wp-content\/uploads\/2026\/01\/Adaptadores-Carplay-1024x683.webp 1024w, https:\/\/gadgetingcar.com\/wp-content\/uploads\/2026\/01\/Adaptadores-Carplay-768x512.webp 768w, https:\/\/gadgetingcar.com\/wp-content\/uploads\/2026\/01\/Adaptadores-Carplay-18x12.webp 18w, https:\/\/gadgetingcar.com\/wp-content\/uploads\/2026\/01\/Adaptadores-Carplay-600x400.webp 600w, https:\/\/gadgetingcar.com\/wp-content\/uploads\/2026\/01\/Adaptadores-Carplay.webp 1536w\" sizes=\"(max-width: 300px) 100vw, 300px\" \/><\/div>\n\t\t<\/a>\n\t\t\t\t<div class=\"elementor-post__text\">\n\t\t\t\t<p class=\"elementor-post__title\">\n\t\t\t<a href=\"https:\/\/gadgetingcar.com\/pt\/los-5-mejores-adaptadores-carplay-inalambricos-comparativa-2026\/\" >\n\t\t\t\tOs 5 melhores adaptadores CarPlay sem fio (compara\u00e7\u00e3o de 2026)\t\t\t<\/a>\n\t\t<\/p>\n\t\t\t\t<\/div>\n\t\t\t\t<\/article>\n\t\t\t\t<article class=\"elementor-post elementor-grid-item post-2107 post type-post status-publish format-standard has-post-thumbnail hentry category-blog\">\n\t\t\t\t<a class=\"elementor-post__thumbnail__link\" href=\"https:\/\/gadgetingcar.com\/pt\/posso-ter-luzes-de-ambiente-led-personalizadas-ou-luzes-de-neon-no-carro\/\" tabindex=\"-1\" >\n\t\t\t<div class=\"elementor-post__thumbnail\"><img loading=\"lazy\" decoding=\"async\" width=\"300\" height=\"200\" src=\"https:\/\/gadgetingcar.com\/wp-content\/uploads\/2026\/01\/Luces-LED-ambient-light-y-neones-en-el-coche-300x200.webp\" class=\"attachment-medium size-medium wp-image-2109\" alt=\"Configura\u00e7\u00e3o do interior do carro com ilumina\u00e7\u00e3o ambiente em LED, carro com n\u00e9on inferior e inspe\u00e7\u00e3o ITV, em rela\u00e7\u00e3o \u00e0 legalidade das luzes LED e de n\u00e9on em Espanha.\" srcset=\"https:\/\/gadgetingcar.com\/wp-content\/uploads\/2026\/01\/Luces-LED-ambient-light-y-neones-en-el-coche-300x200.webp 300w, https:\/\/gadgetingcar.com\/wp-content\/uploads\/2026\/01\/Luces-LED-ambient-light-y-neones-en-el-coche-1024x683.webp 1024w, https:\/\/gadgetingcar.com\/wp-content\/uploads\/2026\/01\/Luces-LED-ambient-light-y-neones-en-el-coche-768x512.webp 768w, https:\/\/gadgetingcar.com\/wp-content\/uploads\/2026\/01\/Luces-LED-ambient-light-y-neones-en-el-coche-18x12.webp 18w, https:\/\/gadgetingcar.com\/wp-content\/uploads\/2026\/01\/Luces-LED-ambient-light-y-neones-en-el-coche-600x400.webp 600w, https:\/\/gadgetingcar.com\/wp-content\/uploads\/2026\/01\/Luces-LED-ambient-light-y-neones-en-el-coche.webp 1536w\" sizes=\"(max-width: 300px) 100vw, 300px\" \/><\/div>\n\t\t<\/a>\n\t\t\t\t<div class=\"elementor-post__text\">\n\t\t\t\t<p class=\"elementor-post__title\">\n\t\t\t<a href=\"https:\/\/gadgetingcar.com\/pt\/posso-ter-luzes-de-ambiente-led-personalizadas-ou-luzes-de-neon-no-carro\/\" >\n\t\t\t\tPosso ter luzes LED personalizadas, luzes ambiente ou luzes de n\u00e9on no meu carro?\t\t\t<\/a>\n\t\t<\/p>\n\t\t\t\t<\/div>\n\t\t\t\t<\/article>\n\t\t\t\t<article class=\"elementor-post elementor-grid-item post-2094 post type-post status-publish format-standard has-post-thumbnail hentry category-blog\">\n\t\t\t\t<a class=\"elementor-post__thumbnail__link\" href=\"https:\/\/gadgetingcar.com\/pt\/as-3-melhores-estacoes-de-carregamento-domesticas-para-carros-eletricos\/\" tabindex=\"-1\" >\n\t\t\t<div class=\"elementor-post__thumbnail\"><img loading=\"lazy\" decoding=\"async\" width=\"300\" height=\"200\" src=\"https:\/\/gadgetingcar.com\/wp-content\/uploads\/2026\/01\/Mejores-estaciones-de-carga-300x200.webp\" class=\"attachment-medium size-medium wp-image-2102\" alt=\"Imagem comparativa de carregadores dom\u00e9sticos para carros el\u00e9tricos: Wallbox Pulsar Plus, Tesla Wall Connector e Schneider EVlink Home.\" srcset=\"https:\/\/gadgetingcar.com\/wp-content\/uploads\/2026\/01\/Mejores-estaciones-de-carga-300x200.webp 300w, https:\/\/gadgetingcar.com\/wp-content\/uploads\/2026\/01\/Mejores-estaciones-de-carga-1024x683.webp 1024w, https:\/\/gadgetingcar.com\/wp-content\/uploads\/2026\/01\/Mejores-estaciones-de-carga-768x512.webp 768w, https:\/\/gadgetingcar.com\/wp-content\/uploads\/2026\/01\/Mejores-estaciones-de-carga-18x12.webp 18w, https:\/\/gadgetingcar.com\/wp-content\/uploads\/2026\/01\/Mejores-estaciones-de-carga-600x400.webp 600w, https:\/\/gadgetingcar.com\/wp-content\/uploads\/2026\/01\/Mejores-estaciones-de-carga.webp 1536w\" sizes=\"(max-width: 300px) 100vw, 300px\" \/><\/div>\n\t\t<\/a>\n\t\t\t\t<div class=\"elementor-post__text\">\n\t\t\t\t<p class=\"elementor-post__title\">\n\t\t\t<a href=\"https:\/\/gadgetingcar.com\/pt\/as-3-melhores-estacoes-de-carregamento-domesticas-para-carros-eletricos\/\" >\n\t\t\t\tAs 3 melhores esta\u00e7\u00f5es de carregamento dom\u00e9sticas para carros el\u00e9tricos\t\t\t<\/a>\n\t\t<\/p>\n\t\t\t\t<\/div>\n\t\t\t\t<\/article>\n\t\t\t\t<article class=\"elementor-post elementor-grid-item post-2079 post type-post status-publish format-standard has-post-thumbnail hentry category-blog\">\n\t\t\t\t<a class=\"elementor-post__thumbnail__link\" href=\"https:\/\/gadgetingcar.com\/pt\/multas-mais-comuns-para-motoristas-na-espanha-estudos-e-estatisticas\/\" tabindex=\"-1\" >\n\t\t\t<div class=\"elementor-post__thumbnail\"><img loading=\"lazy\" decoding=\"async\" width=\"300\" height=\"200\" src=\"https:\/\/gadgetingcar.com\/wp-content\/uploads\/2026\/01\/20a6ce20-f500-4c31-a992-11b2f790ad0a-300x200.webp\" class=\"attachment-medium size-medium wp-image-2087\" alt=\"Multas mais comuns na Espanha: excesso de velocidade, multa de estacionamento e fiscaliza\u00e7\u00e3o de zona ZBE em \u00e1reas urbanas.\" srcset=\"https:\/\/gadgetingcar.com\/wp-content\/uploads\/2026\/01\/20a6ce20-f500-4c31-a992-11b2f790ad0a-300x200.webp 300w, https:\/\/gadgetingcar.com\/wp-content\/uploads\/2026\/01\/20a6ce20-f500-4c31-a992-11b2f790ad0a-1024x683.webp 1024w, https:\/\/gadgetingcar.com\/wp-content\/uploads\/2026\/01\/20a6ce20-f500-4c31-a992-11b2f790ad0a-768x512.webp 768w, https:\/\/gadgetingcar.com\/wp-content\/uploads\/2026\/01\/20a6ce20-f500-4c31-a992-11b2f790ad0a-18x12.webp 18w, https:\/\/gadgetingcar.com\/wp-content\/uploads\/2026\/01\/20a6ce20-f500-4c31-a992-11b2f790ad0a-600x400.webp 600w, https:\/\/gadgetingcar.com\/wp-content\/uploads\/2026\/01\/20a6ce20-f500-4c31-a992-11b2f790ad0a.webp 1536w\" sizes=\"(max-width: 300px) 100vw, 300px\" \/><\/div>\n\t\t<\/a>\n\t\t\t\t<div class=\"elementor-post__text\">\n\t\t\t\t<p class=\"elementor-post__title\">\n\t\t\t<a href=\"https:\/\/gadgetingcar.com\/pt\/multas-mais-comuns-para-motoristas-na-espanha-estudos-e-estatisticas\/\" >\n\t\t\t\tMultas mais comuns para motoristas na Espanha (estudos e estat\u00edsticas)\t\t\t<\/a>\n\t\t<\/p>\n\t\t\t\t<\/div>\n\t\t\t\t<\/article>\n\t\t\t\t<\/div>\n\t\t\n\t\t\t\t\t\t<\/div>\n\t\t\t\t<\/div>\n\t\t<div class=\"elementor-element elementor-element-44ef3628 e-con-full e-flex e-con e-child\" data-id=\"44ef3628\" data-element_type=\"container\" data-settings=\"{&quot;background_background&quot;:&quot;classic&quot;}\">\n\t\t\t\t<div class=\"elementor-element elementor-element-4659bae8 elementor-widget elementor-widget-heading\" data-id=\"4659bae8\" data-element_type=\"widget\" data-widget_type=\"heading.default\">\n\t\t\t\t<div class=\"elementor-widget-container\">\n\t\t\t\t\t<p class=\"elementor-heading-title elementor-size-default\">Enviar uma mensagem<\/p>\t\t\t\t<\/div>\n\t\t\t\t<\/div>\n\t\t\t\t<div class=\"elementor-element elementor-element-48fcd686 elementor-button-align-end elementor-widget elementor-widget-form\" data-id=\"48fcd686\" data-element_type=\"widget\" data-settings=\"{&quot;step_next_label&quot;:&quot;Next&quot;,&quot;step_previous_label&quot;:&quot;Previous&quot;,&quot;button_width&quot;:&quot;100&quot;,&quot;step_type&quot;:&quot;number_text&quot;,&quot;step_icon_shape&quot;:&quot;circle&quot;}\" data-widget_type=\"form.default\">\n\t\t\t\t<div class=\"elementor-widget-container\">\n\t\t\t\t\t\t\t<form class=\"elementor-form\" method=\"post\" name=\"New Form\" action=\"\">\n\t\t\t<input type=\"hidden\" name=\"post_id\" value=\"2008\"\/>\n\t\t\t<input type=\"hidden\" name=\"form_id\" value=\"48fcd686\"\/>\n\t\t\t<input type=\"hidden\" name=\"referer_title\" value=\"\" \/>\n\n\t\t\t\n\t\t\t<div class=\"elementor-form-fields-wrapper elementor-labels-\">\n\t\t\t\t\t\t\t\t<div class=\"elementor-field-type-text elementor-field-group elementor-column elementor-field-group-name elementor-col-100\">\n\t\t\t\t\t\t\t\t\t\t\t\t<label for=\"form-field-name\" class=\"elementor-field-label elementor-screen-only\">\n\t\t\t\t\t\t\t\tNome\t\t\t\t\t\t\t<\/label>\n\t\t\t\t\t\t\t\t\t\t\t\t\t\t<input size=\"1\" type=\"text\" name=\"form_fields[name]\" id=\"form-field-name\" class=\"elementor-field elementor-size-sm  elementor-field-textual\" placeholder=\"Nome\">\n\t\t\t\t\t\t\t\t\t\t\t<\/div>\n\t\t\t\t\t\t\t\t<div class=\"elementor-field-type-email elementor-field-group elementor-column elementor-field-group-field_1 elementor-col-100 elementor-field-required\">\n\t\t\t\t\t\t\t\t\t\t\t\t<label for=\"form-field-field_1\" class=\"elementor-field-label elementor-screen-only\">\n\t\t\t\t\t\t\t\tEndere\u00e7o eletr\u00f3nico \t\t\t\t\t\t\t<\/label>\n\t\t\t\t\t\t\t\t\t\t\t\t\t\t<input size=\"1\" type=\"email\" name=\"form_fields[field_1]\" id=\"form-field-field_1\" class=\"elementor-field elementor-size-sm  elementor-field-textual\" placeholder=\"Endere\u00e7o eletr\u00f3nico \" required=\"required\">\n\t\t\t\t\t\t\t\t\t\t\t<\/div>\n\t\t\t\t\t\t\t\t<div class=\"elementor-field-group elementor-column elementor-field-type-submit elementor-col-100 e-form__buttons\">\n\t\t\t\t\t<button class=\"elementor-button elementor-size-sm\" type=\"submit\">\n\t\t\t\t\t\t<span class=\"elementor-button-content-wrapper\">\n\t\t\t\t\t\t\t\t\t\t\t\t\t\t\t<span class=\"elementor-button-icon\">\n\t\t\t\t\t\t\t\t\t<svg aria-hidden=\"true\" class=\"e-font-icon-svg e-fas-long-arrow-alt-right\" viewbox=\"0 0 448 512\" xmlns=\"http:\/\/www.w3.org\/2000\/svg\"><path d=\"M313.941 216H12c-6.627 0-12 5.373-12 12v56c0 6.627 5.373 12 12 12h301.941v46.059c0 21.382 25.851 32.09 40.971 16.971l86.059-86.059c9.373-9.373 9.373-24.569 0-33.941l-86.059-86.059c-15.119-15.119-40.971-4.411-40.971 16.971V216z\"><\/path><\/svg>\t\t\t\t\t\t\t\t\t\t\t\t\t\t\t\t\t<\/span>\n\t\t\t\t\t\t\t\t\t\t\t\t\t\t\t\t\t\t\t\t\t\t<span class=\"elementor-button-text\">Enviar<\/span>\n\t\t\t\t\t\t\t\t\t\t\t\t\t<\/span>\n\t\t\t\t\t<\/button>\n\t\t\t\t<\/div>\n\t\t\t<\/div>\n\t\t<input type=\"hidden\" name=\"trp-form-language\" value=\"pt\"\/><\/form>\n\t\t\t\t\t\t<\/div>\n\t\t\t\t<\/div>\n\t\t\t\t<\/div>\n\t\t\t\t<\/div>\n\t\t\t\t\t<\/div>\n\t\t\t\t<\/div>\n\t\t<div class=\"elementor-element elementor-element-14a3eb69 e-flex e-con-boxed e-con e-parent\" data-id=\"14a3eb69\" data-element_type=\"container\">\n\t\t\t\t\t<div class=\"e-con-inner\">\n\t\t\t\t<div class=\"elementor-element elementor-element-5d70114f elementor-post-navigation-borders-yes elementor-widget elementor-widget-post-navigation\" data-id=\"5d70114f\" data-element_type=\"widget\" data-widget_type=\"post-navigation.default\">\n\t\t\t\t<div class=\"elementor-widget-container\">\n\t\t\t\t\t\t\t<div class=\"elementor-post-navigation\">\n\t\t\t<div class=\"elementor-post-navigation__prev elementor-post-navigation__link\">\n\t\t\t\t<a href=\"https:\/\/gadgetingcar.com\/pt\/es-obligatorio-llevar-la-baliza-v16-chaleco-o-triangulos-en-2026-espana\/\" rel=\"prev\"><span class=\"post-navigation__arrow-wrapper post-navigation__arrow-prev\"><i class=\"fa fa-angle-double-left\" aria-hidden=\"true\"><\/i><span class=\"elementor-screen-only\">Prev<\/span><\/span><span class=\"elementor-post-navigation__link__prev\"><span class=\"post-navigation__prev--label\">Anterior<\/span><span class=\"post-navigation__prev--title\">Ser\u00e1 obrigat\u00f3rio portar o farol V16, colete ou tri\u00e2ngulos em 2026 (Espanha)?<\/span><\/span><\/a>\t\t\t<\/div>\n\t\t\t\t\t\t\t<div class=\"elementor-post-navigation__separator-wrapper\">\n\t\t\t\t\t<div class=\"elementor-post-navigation__separator\"><\/div>\n\t\t\t\t<\/div>\n\t\t\t\t\t\t<div class=\"elementor-post-navigation__next elementor-post-navigation__link\">\n\t\t\t\t<a href=\"https:\/\/gadgetingcar.com\/pt\/as-3-melhores-estacoes-de-carregamento-domesticas-para-carros-eletricos\/\" rel=\"next\"><span class=\"elementor-post-navigation__link__next\"><span class=\"post-navigation__next--label\">Seguinte<\/span><span class=\"post-navigation__next--title\">As 3 melhores esta\u00e7\u00f5es de carregamento dom\u00e9sticas para carros el\u00e9tricos<\/span><\/span><span class=\"post-navigation__arrow-wrapper post-navigation__arrow-next\"><i class=\"fa fa-angle-double-right\" aria-hidden=\"true\"><\/i><span class=\"elementor-screen-only\">Seguinte<\/span><\/span><\/a>\t\t\t<\/div>\n\t\t<\/div>\n\t\t\t\t\t\t<\/div>\n\t\t\t\t<\/div>\n\t\t\t\t\t<\/div>\n\t\t\t\t<\/div>\n\t\t\t\t<\/div>","protected":false},"excerpt":{"rendered":"<p>La chaqueta es uno de los elementos m\u00e1s importantes del equipamiento de un motorista. No solo protege frente a ca\u00eddas, sino tambi\u00e9n contra el viento,<\/p>","protected":false},"author":2,"featured_media":2021,"comment_status":"closed","ping_status":"open","sticky":false,"template":"","format":"standard","meta":{"_jetpack_memberships_contains_paid_content":false,"footnotes":""},"categories":[1],"tags":[],"class_list":["post-2008","post","type-post","status-publish","format-standard","has-post-thumbnail","hentry","category-blog"],"aioseo_notices":[],"jetpack_featured_media_url":"https:\/\/gadgetingcar.com\/wp-content\/uploads\/2026\/01\/Untitled-design-33.webp","jetpack_sharing_enabled":true,"_links":{"self":[{"href":"https:\/\/gadgetingcar.com\/pt\/wp-json\/wp\/v2\/posts\/2008","targetHints":{"allow":["GET"]}}],"collection":[{"href":"https:\/\/gadgetingcar.com\/pt\/wp-json\/wp\/v2\/posts"}],"about":[{"href":"https:\/\/gadgetingcar.com\/pt\/wp-json\/wp\/v2\/types\/post"}],"author":[{"embeddable":true,"href":"https:\/\/gadgetingcar.com\/pt\/wp-json\/wp\/v2\/users\/2"}],"replies":[{"embeddable":true,"href":"https:\/\/gadgetingcar.com\/pt\/wp-json\/wp\/v2\/comments?post=2008"}],"version-history":[{"count":13,"href":"https:\/\/gadgetingcar.com\/pt\/wp-json\/wp\/v2\/posts\/2008\/revisions"}],"predecessor-version":[{"id":2030,"href":"https:\/\/gadgetingcar.com\/pt\/wp-json\/wp\/v2\/posts\/2008\/revisions\/2030"}],"wp:featuredmedia":[{"embeddable":true,"href":"https:\/\/gadgetingcar.com\/pt\/wp-json\/wp\/v2\/media\/2021"}],"wp:attachment":[{"href":"https:\/\/gadgetingcar.com\/pt\/wp-json\/wp\/v2\/media?parent=2008"}],"wp:term":[{"taxonomy":"category","embeddable":true,"href":"https:\/\/gadgetingcar.com\/pt\/wp-json\/wp\/v2\/categories?post=2008"},{"taxonomy":"post_tag","embeddable":true,"href":"https:\/\/gadgetingcar.com\/pt\/wp-json\/wp\/v2\/tags?post=2008"}],"curies":[{"name":"wp","href":"https:\/\/api.w.org\/{rel}","templated":true}]}}